{"provider_url": "https://www.novasantahelena.mt.leg.br", "title": "Sess\u00e3o ordin\u00e1ria de 27 de abril.", "html": "<p>No dia 27 de abril, tivemos uma curta sess\u00e3o ordin\u00e1ria, sem mat\u00e9rias para que fossem lidas e sem projetos para que fossem encaminhados \u00e0s comiss\u00f5es,\u00a0<span>no expediente.\u00a0</span></p>\r\n<p><span></span>E <span>na ordem do dia, tamb\u00e9m n\u00e3o houve nenhuma mat\u00e9ria\u00a0</span>para ser discutida e votada.</p>\r\n<p>No entanto, houve um an\u00fancio importante do Presidente Ademir Dias da Silva de que, possivelmente, far\u00e1 seu comunicado por escrito de ren\u00fancia da presid\u00eancia na pr\u00f3xima sess\u00e3o ordin\u00e1ria.</p>\r\n<p>Sendo assim, caso n\u00e3o haja nenhuma mudan\u00e7a de planos, o\u00a0<span>Presidente Ademir Dias da Silva conduzir\u00e1 sua \u00faltima sess\u00e3o no dia 04 de maio de 2026 e, ap\u00f3s esta finalizada, passar\u00e1 a posse da presid\u00eancia ao Vice-Presidente Raul Batistello.</span></p>\r\n<p><b><a class=\"external-link\" href=\"https://sapl.novasantahelena.mt.leg.br/sessao/347/resumo\" target=\"_self\" title=\"\">\u00a0*Clique aqui e tenha acesso ao resumo da sess\u00e3o.</a></b><b></b></p>\r\n<p><b>\u00a0</b></p>\r\n<p><span><br /></span></p>", "author_name": "", "version": "1.0", "author_url": "https://www.novasantahelena.mt.leg.br/author/nsh", "provider_name": "C\u00c2MARA MUNICIPAL DE NOVA SANTA HELENA - MT", "type": "rich"}